{"@context":"https:\/\/schema.org\/","@type":"CollectionPage","@id":"https:\/\/www.ampec.cz\/cestovani\/#CollectionPage","headline":"Cestov\u00e1n\u00ed Category","description":"","url":"https:\/\/www.ampec.cz\/cestovani\/","hasPart":[{"@type":"Article","@id":"https:\/\/www.ampec.cz\/bavit-se-je-fajn\/","headline":"Bavit se je fajn!","url":"https:\/\/www.ampec.cz\/bavit-se-je-fajn\/","datePublished":"2020-09-21","dateModified":"2023-06-02","mainEntityOfPage":"https:\/\/www.ampec.cz\/bavit-se-je-fajn\/","author":{"@type":"Person","@id":"https:\/\/www.ampec.cz\/author\/#Person","name":"","url":"https:\/\/www.ampec.cz\/author\/","identifier":1,"image":{"@type":"ImageObject","@id":"https:\/\/secure.gravatar.com\/avatar\/01173f1da90dde8adb887d6793fa4e42c4004e53f8d645d9b1cb57c2dee8e188?s=96&d=mm&r=g","url":"https:\/\/secure.gravatar.com\/avatar\/01173f1da90dde8adb887d6793fa4e42c4004e53f8d645d9b1cb57c2dee8e188?s=96&d=mm&r=g","height":96,"width":96}},"publisher":{"@type":"Organization","name":"ampec.cz","logo":{"@type":"ImageObject","@id":"\/logo.png","url":"\/logo.png","width":600,"height":60}},"image":{"@type":"ImageObject","@id":"https:\/\/www.ampec.cz\/wp-content\/uploads\/img_a291301_w2126_t1504007562.jpg","url":"https:\/\/www.ampec.cz\/wp-content\/uploads\/img_a291301_w2126_t1504007562.jpg","height":0,"width":0},"keywords":null},{"@type":"Article","@id":"https:\/\/www.ampec.cz\/spojte-dovolenou-na-jizni-morave-s-prijemnym-zazitkem-vytocte-si-svuj-hrnek\/","headline":"Spojte dovolenou na Ji\u017en\u00ed Morav\u011b s p\u0159\u00edjemn\u00fdm z\u00e1\u017eitkem \u2013 vyto\u010dte si sv\u016fj hrnek!","url":"https:\/\/www.ampec.cz\/spojte-dovolenou-na-jizni-morave-s-prijemnym-zazitkem-vytocte-si-svuj-hrnek\/","datePublished":"2020-09-20","dateModified":"2023-06-02","mainEntityOfPage":"https:\/\/www.ampec.cz\/spojte-dovolenou-na-jizni-morave-s-prijemnym-zazitkem-vytocte-si-svuj-hrnek\/","author":{"@type":"Person","@id":"https:\/\/www.ampec.cz\/author\/#Person","name":"","url":"https:\/\/www.ampec.cz\/author\/","identifier":1,"image":{"@type":"ImageObject","@id":"https:\/\/secure.gravatar.com\/avatar\/01173f1da90dde8adb887d6793fa4e42c4004e53f8d645d9b1cb57c2dee8e188?s=96&d=mm&r=g","url":"https:\/\/secure.gravatar.com\/avatar\/01173f1da90dde8adb887d6793fa4e42c4004e53f8d645d9b1cb57c2dee8e188?s=96&d=mm&r=g","height":96,"width":96}},"publisher":{"@type":"Organization","name":"ampec.cz","logo":{"@type":"ImageObject","@id":"\/logo.png","url":"\/logo.png","width":600,"height":60}},"image":{"@type":"ImageObject","@id":"https:\/\/www.ampec.cz\/wp-content\/uploads\/img_a304447_w2034_t1515529897.jpg","url":"https:\/\/www.ampec.cz\/wp-content\/uploads\/img_a304447_w2034_t1515529897.jpg","height":0,"width":0},"keywords":null},{"@type":"Article","@id":"https:\/\/www.ampec.cz\/zimni-nebo-letni-dovolena\/","headline":"Zimn\u00ed nebo letn\u00ed dovolen\u00e1","url":"https:\/\/www.ampec.cz\/zimni-nebo-letni-dovolena\/","datePublished":"2020-01-15","dateModified":"2023-06-02","mainEntityOfPage":"https:\/\/www.ampec.cz\/zimni-nebo-letni-dovolena\/","author":{"@type":"Person","@id":"https:\/\/www.ampec.cz\/author\/#Person","name":"","url":"https:\/\/www.ampec.cz\/author\/","identifier":1,"image":{"@type":"ImageObject","@id":"https:\/\/secure.gravatar.com\/avatar\/01173f1da90dde8adb887d6793fa4e42c4004e53f8d645d9b1cb57c2dee8e188?s=96&d=mm&r=g","url":"https:\/\/secure.gravatar.com\/avatar\/01173f1da90dde8adb887d6793fa4e42c4004e53f8d645d9b1cb57c2dee8e188?s=96&d=mm&r=g","height":96,"width":96}},"publisher":{"@type":"Organization","name":"ampec.cz","logo":{"@type":"ImageObject","@id":"\/logo.png","url":"\/logo.png","width":600,"height":60}},"image":{"@type":"ImageObject","@id":"https:\/\/www.ampec.cz\/wp-content\/uploads\/img_a366745_w3356_t1579362311.jpg","url":"https:\/\/www.ampec.cz\/wp-content\/uploads\/img_a366745_w3356_t1579362311.jpg","height":0,"width":0},"keywords":null},{"@type":"Article","@id":"https:\/\/www.ampec.cz\/slovenska-pohori\/","headline":"Slovensk\u00e1 poho\u0159\u00ed","url":"https:\/\/www.ampec.cz\/slovenska-pohori\/","datePublished":"2019-06-08","dateModified":"2023-06-02","mainEntityOfPage":"https:\/\/www.ampec.cz\/slovenska-pohori\/","author":{"@type":"Person","@id":"https:\/\/www.ampec.cz\/author\/#Person","name":"","url":"https:\/\/www.ampec.cz\/author\/","identifier":1,"image":{"@type":"ImageObject","@id":"https:\/\/secure.gravatar.com\/avatar\/01173f1da90dde8adb887d6793fa4e42c4004e53f8d645d9b1cb57c2dee8e188?s=96&d=mm&r=g","url":"https:\/\/secure.gravatar.com\/avatar\/01173f1da90dde8adb887d6793fa4e42c4004e53f8d645d9b1cb57c2dee8e188?s=96&d=mm&r=g","height":96,"width":96}},"publisher":{"@type":"Organization","name":"ampec.cz","logo":{"@type":"ImageObject","@id":"\/logo.png","url":"\/logo.png","width":600,"height":60}},"image":{"@type":"ImageObject","@id":"https:\/\/www.ampec.cz\/wp-content\/uploads\/img_a347346_w2783_t1561577967.jpg","url":"https:\/\/www.ampec.cz\/wp-content\/uploads\/img_a347346_w2783_t1561577967.jpg","height":0,"width":0},"keywords":null},{"@type":"Article","@id":"https:\/\/www.ampec.cz\/hledat-unikovou-cestu-je-mnohdy-dost-napinave\/","headline":"Hledat \u00fanikovou cestu je mnohdy dost nap\u00ednav\u00e9","url":"https:\/\/www.ampec.cz\/hledat-unikovou-cestu-je-mnohdy-dost-napinave\/","datePublished":"2019-03-06","dateModified":"2023-06-02","mainEntityOfPage":"https:\/\/www.ampec.cz\/hledat-unikovou-cestu-je-mnohdy-dost-napinave\/","author":{"@type":"Person","@id":"https:\/\/www.ampec.cz\/author\/#Person","name":"","url":"https:\/\/www.ampec.cz\/author\/","identifier":1,"image":{"@type":"ImageObject","@id":"https:\/\/secure.gravatar.com\/avatar\/01173f1da90dde8adb887d6793fa4e42c4004e53f8d645d9b1cb57c2dee8e188?s=96&d=mm&r=g","url":"https:\/\/secure.gravatar.com\/avatar\/01173f1da90dde8adb887d6793fa4e42c4004e53f8d645d9b1cb57c2dee8e188?s=96&d=mm&r=g","height":96,"width":96}},"publisher":{"@type":"Organization","name":"ampec.cz","logo":{"@type":"ImageObject","@id":"\/logo.png","url":"\/logo.png","width":600,"height":60}},"image":{"@type":"ImageObject","@id":"https:\/\/www.ampec.cz\/wp-content\/uploads\/img_a349259_w1718_t1564132209.jpg","url":"https:\/\/www.ampec.cz\/wp-content\/uploads\/img_a349259_w1718_t1564132209.jpg","height":0,"width":0},"keywords":null},{"@type":"Article","@id":"https:\/\/www.ampec.cz\/zeny-taxikarky\/","headline":"\u017deny taxik\u00e1\u0159ky","url":"https:\/\/www.ampec.cz\/zeny-taxikarky\/","datePublished":"2018-09-24","dateModified":"2023-06-02","mainEntityOfPage":"https:\/\/www.ampec.cz\/zeny-taxikarky\/","author":{"@type":"Person","@id":"https:\/\/www.ampec.cz\/author\/#Person","name":"","url":"https:\/\/www.ampec.cz\/author\/","identifier":1,"image":{"@type":"ImageObject","@id":"https:\/\/secure.gravatar.com\/avatar\/01173f1da90dde8adb887d6793fa4e42c4004e53f8d645d9b1cb57c2dee8e188?s=96&d=mm&r=g","url":"https:\/\/secure.gravatar.com\/avatar\/01173f1da90dde8adb887d6793fa4e42c4004e53f8d645d9b1cb57c2dee8e188?s=96&d=mm&r=g","height":96,"width":96}},"publisher":{"@type":"Organization","name":"ampec.cz","logo":{"@type":"ImageObject","@id":"\/logo.png","url":"\/logo.png","width":600,"height":60}},"image":{"@type":"ImageObject","@id":"https:\/\/www.ampec.cz\/wp-content\/uploads\/img_a330553_w2749_t1543072927.jpg","url":"https:\/\/www.ampec.cz\/wp-content\/uploads\/img_a330553_w2749_t1543072927.jpg","height":0,"width":0},"keywords":null}]}