[{"@context":"https:\/\/schema.org\/","@type":"Article","@id":"https:\/\/www.ampec.cz\/pr-clanky\/#Article","mainEntityOfPage":"https:\/\/www.ampec.cz\/pr-clanky\/","headline":"Pr \u010dl\u00e1nky","name":"Pr \u010dl\u00e1nky","description":"V dne\u0161n\u00ed dob\u011b je propagace z\u00e1kladem \u00fasp\u011bchu. Pr \u010dl\u00e1nky V dne\u0161n\u00ed dob\u011b je propagace z\u00e1kladem \u00fasp\u011bchu. I restaurace se mus\u00ed um\u011bt spr\u00e1vn\u011b prezentovat, jinak by bylo prakticky k ni\u010demu, kdyby m\u011bla v\u00fdte\u010dn\u00e9ho kucha\u0159e, skv\u011bl\u00e9 prost\u0159ed\u00ed, p\u0159\u00edjemnou atmosf\u00e9ru i nejlep\u0161\u00ed obsluhu. Bylo by tedy dobr\u00e9, kdybyste si nechali napsat origin\u00e1ln\u00ed Pr \u010dl\u00e1nky za skv\u011blou cenu. Dejte [&hellip;]","datePublished":"2025-02-06","dateModified":"2025-02-06","author":{"@type":"Person","@id":"https:\/\/www.ampec.cz\/author\/#Person","name":"","url":"https:\/\/www.ampec.cz\/author\/","identifier":1,"image":{"@type":"ImageObject","@id":"https:\/\/secure.gravatar.com\/avatar\/01173f1da90dde8adb887d6793fa4e42c4004e53f8d645d9b1cb57c2dee8e188?s=96&d=mm&r=g","url":"https:\/\/secure.gravatar.com\/avatar\/01173f1da90dde8adb887d6793fa4e42c4004e53f8d645d9b1cb57c2dee8e188?s=96&d=mm&r=g","height":96,"width":96}},"publisher":{"@type":"Organization","name":"ampec.cz","logo":{"@type":"ImageObject","@id":"\/logo.png","url":"\/logo.png","width":600,"height":60}},"url":"https:\/\/www.ampec.cz\/pr-clanky\/","wordCount":218,"articleBody":"V dne\u0161n\u00ed dob\u011b je propagace z\u00e1kladem \u00fasp\u011bchu.  Pr \u010dl\u00e1nky V dne\u0161n\u00ed dob\u011b je propagace z\u00e1kladem \u00fasp\u011bchu. I restaurace se mus\u00ed um\u011bt spr\u00e1vn\u011b prezentovat, jinak by bylo prakticky k ni\u010demu, kdyby m\u011bla v\u00fdte\u010dn\u00e9ho kucha\u0159e, skv\u011bl\u00e9 prost\u0159ed\u00ed, p\u0159\u00edjemnou atmosf\u00e9ru i nejlep\u0161\u00ed obsluhu. Bylo by tedy dobr\u00e9, kdybyste si nechali napsat origin\u00e1ln\u00ed Pr \u010dl\u00e1nky za skv\u011blou cenu. Dejte o sob\u011b sv\u011btu v\u011bd\u011bt! Pr \u010dl\u00e1nky Nev\u00e1hejte a objedn\u00e1vejte. Jist\u011b to byznysu jen prosp\u011bje! Ur\u010dit\u011b budete spokojeni, a\u017e uvid\u00edte vytvo\u0159enou prezentaci o sv\u00e9m podniku, kde budou ve\u0161ker\u00e9 Va\u0161e pokrmy, hezky pops\u00e1ny. Pr \u010dl\u00e1nky se budou p\u0159esn\u011b to, co p\u0159im\u011bje lidi, aby p\u0159i\u0161li. Va\u0161e podnik\u00e1n\u00ed bude op\u011bt v\u00fdnosn\u00e9 V\u0161e rychle a za skv\u011bl\u00e9 ceny. Nebojte se tedy vyzkou\u0161et mo\u017enost Pr \u010dl\u00e1nky a u\u017e\u00edvejte si zm\u011bny, kter\u00e1 Va\u0161emu podnik\u00e1n\u00ed pom\u016f\u017ee se posunout zase o kousek d\u00e1l k vysn\u011bn\u00e9 prosperit\u011b! Takovou prosp\u011b\u0161nou v\u011bc si jist\u011b p\u0159eje ka\u017ed\u00fd, a pokud m\u00e1te tu mo\u017enost je vyu\u017e\u00edt, pak byste to m\u011bli ud\u011blat!                                                                                                                                                                                                                                                                                                                                                                                                "},{"@context":"https:\/\/schema.org\/","@type":"BreadcrumbList","itemListElement":[{"@type":"ListItem","position":1,"name":"Pr \u010dl\u00e1nky","item":"https:\/\/www.ampec.cz\/pr-clanky\/#breadcrumbitem"}]}]