[{"@context":"https:\/\/schema.org\/","@type":"Article","@id":"https:\/\/www.ampec.cz\/skrine\/#Article","mainEntityOfPage":"https:\/\/www.ampec.cz\/skrine\/","headline":"Sk\u0159\u00edn\u011b","name":"Sk\u0159\u00edn\u011b","description":"D\u011btsk\u00e9 pokoje mus\u00ed b\u00fdt vybaveny praktickou sk\u0159\u00edn\u00ed. Je d\u016fle\u017eit\u00fdm kusem n\u00e1bytku pro ukl\u00e1d\u00e1n\u00ed \u0161atstva a jin\u00fdch v\u011bc\u00ed, kter\u00e9 nen\u00ed kam jinam ulo\u017eit. Sk\u0159\u00edn\u011b se vyr\u00e1b\u011bj\u00ed v r\u016fzn\u00fdch velikostech. Od mal\u00fdch po velk\u00e9, bu\u010f dvoudve\u0159ov\u00e9, nebo t\u0159\u00eddve\u0159ov\u00e9. N\u011bkter\u00e9 dve\u0159e maj\u00ed zrcadlo, jin\u00e9 jsou prosklen\u00e9. Z\u00e1le\u017e\u00ed jen na n\u00e1s, jak\u00e9 se n\u00e1m l\u00edb\u00ed a jak\u00e9 vybereme. V\u00fdb\u011br [&hellip;]","datePublished":"2024-11-28","dateModified":"2024-11-28","author":{"@type":"Person","@id":"https:\/\/www.ampec.cz\/author\/#Person","name":"","url":"https:\/\/www.ampec.cz\/author\/","identifier":1,"image":{"@type":"ImageObject","@id":"https:\/\/secure.gravatar.com\/avatar\/01173f1da90dde8adb887d6793fa4e42c4004e53f8d645d9b1cb57c2dee8e188?s=96&d=mm&r=g","url":"https:\/\/secure.gravatar.com\/avatar\/01173f1da90dde8adb887d6793fa4e42c4004e53f8d645d9b1cb57c2dee8e188?s=96&d=mm&r=g","height":96,"width":96}},"publisher":{"@type":"Organization","name":"ampec.cz","logo":{"@type":"ImageObject","@id":"\/logo.png","url":"\/logo.png","width":600,"height":60}},"url":"https:\/\/www.ampec.cz\/skrine\/","wordCount":193,"articleBody":"D\u011btsk\u00e9 pokoje mus\u00ed b\u00fdt vybaveny praktickou sk\u0159\u00edn\u00ed. Je d\u016fle\u017eit\u00fdm kusem n\u00e1bytku pro ukl\u00e1d\u00e1n\u00ed \u0161atstva a jin\u00fdch v\u011bc\u00ed, kter\u00e9 nen\u00ed kam jinam ulo\u017eit. Sk\u0159\u00edn\u011b se vyr\u00e1b\u011bj\u00ed v r\u016fzn\u00fdch velikostech. Od mal\u00fdch po velk\u00e9, bu\u010f dvoudve\u0159ov\u00e9, nebo t\u0159\u00eddve\u0159ov\u00e9. N\u011bkter\u00e9 dve\u0159e maj\u00ed zrcadlo, jin\u00e9 jsou prosklen\u00e9. Z\u00e1le\u017e\u00ed jen na n\u00e1s, jak\u00e9 se n\u00e1m l\u00edb\u00ed a jak\u00e9 vybereme.  V\u00fdb\u011br je velik\u00fd Vyb\u00edr\u00e1me sk\u0159\u00edn\u011b i podle druhu materi\u00e1lu, z jak\u00e9ho jsou vyrobeny. Je dobr\u00e9 br\u00e1t na z\u0159etel, jak\u00fd n\u00e1bytek ji\u017e m\u00e1me, aby se v\u0161e dohromady hodilo k sob\u011b. D\u011btsk\u00e9 pokoje mohou b\u00fdt i z barevn\u00e9ho materi\u00e1lu, ale nen\u00ed to podm\u00ednkou. N\u011bkter\u00e9 sk\u0159\u00edn\u011b maj\u00ed i z\u00e1suvky, co\u017e m\u00e1 velkou v\u00fdhodu pro ukl\u00e1d\u00e1n\u00ed drobn\u00fdch v\u011bc\u00ed. Zkr\u00e1tka nab\u00eddka je velmi \u0161irok\u00e1 a z\u00e1le\u017e\u00ed jen na v\u00e1s, jakou sk\u0159\u00ed\u0148 si po\u0159\u00edd\u00edte, aby se v\u00e1m do n\u00ed ve\u0161lo v\u0161e, co pot\u0159ebujete.                                                                                                                                                                                                                                                                                                                                                                                                "},{"@context":"https:\/\/schema.org\/","@type":"BreadcrumbList","itemListElement":[{"@type":"ListItem","position":1,"name":"Sk\u0159\u00edn\u011b","item":"https:\/\/www.ampec.cz\/skrine\/#breadcrumbitem"}]}]